{"id":357,"date":"2026-08-28T09:10:09","date_gmt":"2026-08-28T07:10:09","guid":{"rendered":"https:\/\/diocesi.catania.it\/settimanaliturgicanazionale\/?p=357"},"modified":"2026-08-28T09:15:52","modified_gmt":"2026-08-28T07:15:52","slug":"si-chiude-la-settimana-liturgica-nazionale-prossima-tappa-la-diocesi-di-albano","status":"publish","type":"post","link":"https:\/\/diocesi.catania.it\/settimanaliturgicanazionale\/2026\/08\/28\/si-chiude-la-settimana-liturgica-nazionale-prossima-tappa-la-diocesi-di-albano\/","title":{"rendered":"Si chiude la Settimana Liturgica Nazionale: prossima tappa la diocesi di Albano"},"content":{"rendered":"<p><em>Il presidente del CAL, mons. Claudio Maniago: &#8220;Lo stupore \u00e8 accorgersi e rendersi conto, per poter essere coinvolti e partecipare&#8221;<\/em><\/p>\n<p>Si \u00e8 chiusa oggi a Catania la 76\u00aa Settimana Liturgica Nazionale, con la riflessione conclusiva di <strong>mons. Claudio Maniago, Arcivescovo di Catanzaro-Squillace e presidente del Centro di Azione Liturgica (CAL) e della Commissione Episcopale CEI per la Liturgia<\/strong>. Al cuore del suo intervento il tema di riflessione della Settimana: \u201c<em>La Chiesa \u00e8 generativa, altrimenti non \u00e8 la Chiesa del Signore<\/em>\u201d. <strong>Maniago<\/strong> ha collegato il confronto di questi giorni a una categoria centrale della Lettera apostolica <em>Desiderio desideravi<\/em> di <strong>Papa Francesco<\/strong>: &#8220;<em>Credo che la riflessione e anche la verifica di questa settimana vada fatta alla luce della categoria importante per la liturgia che \u00e8 lo stupore, che \u00e8 accorgersi e rendersi conto, e quindi poi poter, a maggior ragione, essere coinvolti e partecipare<\/em>&#8220;. In questa chiave, ha aggiunto, va letto anche il messaggio di saluto inviato da <strong>Papa Leone XIV<\/strong> all&#8217;apertura dei lavori: &#8220;<em>Siamo stati aiutati ad accorgerci, ad avere stupore, per esempio anche per il fatto che il Santo Padre, come sempre, ci abbia fatto arrivare il suo messaggio, che \u00e8 sicuramente di incoraggiamento e di benedizione, e soprattutto di conferma dell&#8217;importanza del cammino che stiamo facendo a livello di formazione liturgica<\/em>\u201d. Giornate di lavori per fare emergere difficolt\u00e0 e fatiche che si stanno vivendo a livello di pastorale, e al tempo stesso sottolineare le potenzialit\u00e0 e le prospettive: &#8220;<em>Qui non si danno mai delle soluzioni, ma stimoli, indicazioni, percorsi su cui lavorare nelle Chiese locali<\/em>\u201d. Un saluto alla Sicilia dopo quattro giorni di lavori impegnativi: \u201c<em>Anche quest&#8217;anno la Settimana Liturgica Nazionale &#8211; <\/em>ha proseguito <strong>Maniago<\/strong><em> &#8211; ha coinvolto centinaia di persone provenienti dalle varie diocesi d\u2019Italia. L\u2019arcidiocesi di Catania, sede dei lavori di questa edizione, \u00e8 stata anche parte attiva, a cominciare proprio dall\u2019arcivescovo, mons. Renna, a cui va la nostra gratitudine: \u00e8 stato presente e ha camminato con noi in questi giorni<\/em>&#8220;.<\/p>\n<p>La relazione conclusiva \u00e8 stata affidata al <strong>professore Giuliano Zanchi (Universit\u00e0 Cattolica &#8211; Milano)<\/strong>: \u201c<em>Per transitare verso una nuova forma di iniziazione bisogna bagnarsi i piedi e quindi farsi carico anche di molte trasformazioni. La pi\u00f9 importante, in sintesi, \u00e8 naturalmente congedarci da questa idea scolastica dell&#8217;iniziazione sostanzialmente legata all&#8217;infanzia e alla scolarizzazione dell&#8217;infanzia. \u00c8 tutta la comunit\u00e0 che \u00e8 iniziatica e che fa in modo che tutti coloro che lo vogliono, grandi o piccoli, incontrino Ges\u00f9 nella loro vita. A questo la comunit\u00e0 si deve attrezzare: servono energie intellettuali e coraggio spirituale, ma ce la possiamo fare<\/em>\u201d.<\/p>\n<p>Commento di chiusura anche per <strong>don Mauro Dibenedetto, Segretario del Centro di Azione Liturgica (CAL)<\/strong>: \u201c<em>I relatori ci hanno offerto delle riflessioni intense e provocatorie, che ci porteranno a continuare il nostro lavoro nelle diocesi, nella realt\u00e0 di vita parrocchiale di coloro che hanno partecipato. Perch\u00e9 il tema scelto, Liturgia e Iniziazione cristiana, una Chiesa che genera, ci porter\u00e0 sicuramente a dare un contributo anche a tutti coloro che stanno affrontando questo tema come parrocchie, realt\u00e0 diocesane o anche la Chiesa italiana<\/em>\u201d.<\/p>\n<p>Alla fine dei lavori \u00e8 stata annunciata anche la prossima tappa: <strong>la 77\u00aa edizione si terr\u00e0 nella diocesi di Albano, dal 23 al 26 agosto 2027: <\/strong>\u201c<em>Accolgo il testimone della Settimana Liturgica &#8211; <\/em>ha spiegato <strong>il vescovo mons. Vincenzo Vita<\/strong><em> &#8211; ed esprimo la gratitudine e la gioia della nostra diocesi per questo invito che ci ha onorato. Siamo consapevoli che il compito che ci attende non sar\u00e0 facile, poich\u00e9 ci inseriamo in una tradizione lunga ottant&#8217;anni che ha segnato il cammino delle nostre Chiese in Italia. Seguire Catania rappresenta una sfida, perch\u00e9 qui \u00e8 stato espresso il meglio dell\u2019ospitalit\u00e0 siciliana; cercheremo, nella semplicit\u00e0 e nell&#8217;umilt\u00e0 della nostra Chiesa, di fare altrettanto bene<\/em>\u201d. Poi un passaggio sui lavori: \u201c<em>La diocesi di Albano, una delle sette sedi suburbicarie che circondano la Chiesa di Roma, ospiter\u00e0 i lavori della 77\u00aa edizione presso il \u2018Centro Mariapoli di Castel Gandolfo\u2019. \u00c8 un luogo molto espressivo della nostra realt\u00e0, voluto da San Paolo VI e oggi affidato al Movimento dei Focolari<\/em>\u201d.<\/p>\n<p>Ufficio Comunicazioni Sociali Arcidiocesi Catania<br \/>\n<a href=\"mailto:comunicazione@arcidiocesicatania.com\">comunicazione@arcidiocesicatania.com<\/a> | M. 3477286619 | 3882523612<\/p>\n","protected":false},"excerpt":{"rendered":"<p>Il presidente del CAL, mons. Claudio Maniago: &#8220;Lo stupore \u00e8 accorgersi e rendersi conto, per poter essere coinvolti e partecipare&#8221; Si \u00e8 chiusa oggi a Catania la 76\u00aa Settimana Liturgica Nazionale, con la riflessione conclusiva di mons. Claudio Maniago, Arcivescovo di Catanzaro-Squillace e presidente del Centro di Azione Liturgica (CAL) e della Commissione Episcopale CEI [&hellip;]<\/p>\n","protected":false},"author":0,"featured_media":361,"comment_status":"closed","ping_status":"closed","sticky":false,"template":"","format":"standard","meta":{"_acf_changed":false,"footnotes":""},"categories":[2],"tags":[],"class_list":["post-357","post","type-post","status-publish","format-standard","has-post-thumbnail","hentry","category-news"],"acf":{"seed-localization-paese-cod":"","seed-localization-address":"","seed-localization-citta":"","seed-localization-regione-cod-istat":"","seed-localization-citta-cod-istat":"","seed-localization-localita":"","seed-localization-cap":"","seed-localization-geo":{"lat":41.9053433,"lng":12.5099945,"zoom":10,"markers":[],"address":"","layers":["OpenStreetMap.Mapnik"],"version":"1.5.6"},"seed-localization-marker-visibility":false,"seed-localization-children-visibility":false,"seed-localization-kml":"","seed-localization-custom-marker":""},"_links":{"self":[{"href":"https:\/\/diocesi.catania.it\/settimanaliturgicanazionale\/wp-json\/wp\/v2\/posts\/357","targetHints":{"allow":["GET"]}}],"collection":[{"href":"https:\/\/diocesi.catania.it\/settimanaliturgicanazionale\/wp-json\/wp\/v2\/posts"}],"about":[{"href":"https:\/\/diocesi.catania.it\/settimanaliturgicanazionale\/wp-json\/wp\/v2\/types\/post"}],"author":[{"embeddable":true,"href":"https:\/\/diocesi.catania.it\/settimanaliturgicanazionale\/wp-json\/wp\/v2\/users\/6"}],"replies":[{"embeddable":true,"href":"https:\/\/diocesi.catania.it\/settimanaliturgicanazionale\/wp-json\/wp\/v2\/comments?post=357"}],"version-history":[{"count":1,"href":"https:\/\/diocesi.catania.it\/settimanaliturgicanazionale\/wp-json\/wp\/v2\/posts\/357\/revisions"}],"predecessor-version":[{"id":360,"href":"https:\/\/diocesi.catania.it\/settimanaliturgicanazionale\/wp-json\/wp\/v2\/posts\/357\/revisions\/360"}],"wp:featuredmedia":[{"embeddable":true,"href":"https:\/\/diocesi.catania.it\/settimanaliturgicanazionale\/wp-json\/wp\/v2\/media\/361"}],"wp:attachment":[{"href":"https:\/\/diocesi.catania.it\/settimanaliturgicanazionale\/wp-json\/wp\/v2\/media?parent=357"}],"wp:term":[{"taxonomy":"category","embeddable":true,"href":"https:\/\/diocesi.catania.it\/settimanaliturgicanazionale\/wp-json\/wp\/v2\/categories?post=357"},{"taxonomy":"post_tag","embeddable":true,"href":"https:\/\/diocesi.catania.it\/settimanaliturgicanazionale\/wp-json\/wp\/v2\/tags?post=357"}],"curies":[{"name":"wp","href":"https:\/\/api.w.org\/{rel}","templated":true}]}}