{"id":352,"date":"2026-08-28T08:53:30","date_gmt":"2026-08-28T06:53:30","guid":{"rendered":"https:\/\/diocesi.catania.it\/settimanaliturgicanazionale\/?p=352"},"modified":"2026-08-28T08:53:30","modified_gmt":"2026-08-28T06:53:30","slug":"le-borse-di-santagata-dei-giovani-detenuti-donate-dalla-caritas-ai-convegnisti-della-settimana-liturgica-nazionale","status":"publish","type":"post","link":"https:\/\/diocesi.catania.it\/settimanaliturgicanazionale\/2026\/08\/28\/le-borse-di-santagata-dei-giovani-detenuti-donate-dalla-caritas-ai-convegnisti-della-settimana-liturgica-nazionale\/","title":{"rendered":"Le borse di Sant\u2019Agata dei giovani detenuti donate dalla Caritas ai convegnisti della settimana liturgica nazionale"},"content":{"rendered":"<p><em>Realizzate nell&#8217;ambito del progetto Jobel di Caritas Italiana, finanziato da Intesa Sanpaolo, sono state cucite all\u2019IPM Bicocca di Catania e consegnate ai partecipanti della 76\u00aa Settimana Liturgica Nazionale<\/em><\/p>\n<p>Nel kit congressuale consegnato ai circa 300 delegati provenienti da tutta Italia per la 76\u00aa Settimana Liturgica Nazionale, che si terr\u00e0 a Catania fino a gioved\u00ec, c&#8217;\u00e8 anche il lavoro di alcuni ragazzi dell&#8217;Istituto Penale per Minorenni (IPM) di Bicocca: le borse di tela con l\u2019effigie di Sant\u2019Agata realizzate nell\u2019ambito del progetto Jobel coordinato a Catania dalla Caritas diocesana. L\u2019iniziativa, promossa a livello nazionale da <strong>Caritas Italiana, con il sostegno di Intesa Sanpaolo<\/strong>, \u00e8 realizzata in diversi istituti penitenziari minorili italiani. A Catania il progetto \u00e8 guidato dalla Caritas diocesana, che lo segue all&#8217;IPM di Bicocca in accordo con la direttrice, dott.ssa Maria Covato.<\/p>\n<p><strong>Il direttore di Caritas Italiana, don Marco Pagniello<\/strong>, a Catania in questi giorni per la Settimana Liturgica Nazionale, ha spiegato che il progetto nasce per \u201c<em>tornare a dare speranza ai tanti giovani e alle tante ragazze e ragazzi che si trovano ristretti in questi istituti<\/em>\u201d, offrendo loro \u201c<em>un&#8217;opportunit\u00e0 concreta per ripensare la propria vita, per rielaborare quanto commesso e per guardare con speranza al futuro<\/em>\u201d. <strong>Jobel<\/strong>, ha aggiunto <strong>Pagniello<\/strong>, \u201c<em>parte dall&#8217;identit\u00e0 di ciascuno<\/em>\u201d e punta a mettere in risalto le risorse positive che i ragazzi \u201c<em>per primi hanno dichiarato di avere, insieme ai tanti sogni<\/em>\u201d che portano con s\u00e9. Il progetto, ha proseguito <strong>il direttore di Caritas Italiana<\/strong>, si costruisce \u201c<em>a partire dall&#8217;incontro con i giovani<\/em>\u201d, coinvolgendo poi la comunit\u00e0 esterna e le sue risorse \u201c<em>per avviare nuovi processi<\/em>\u201d. Le borse distribuite in questi giorni, ha sottolineato <strong>Pagniello<\/strong>, \u201c<em>sono il frutto di un lavoro, anche di progettazione<\/em>: un modo concreto per \u201c<em>offrire la possibilit\u00e0 ai ragazzi di pensarsi in maniera diversa una volta usciti dagli istituti<\/em>\u201d, un progetto che \u201c<em>vuole organizzare una speranza<\/em>\u201d.<\/p>\n<p>Il lavoro di cucito che ha dato vita alle borse, spiega <strong>Valeria Pisasale, commissario dell&#8217;ente gestore della Caritas diocesana e coordinatrice del progetto a Catania<\/strong>, \u00e8 solo una delle strade che l&#8217;\u00e9quipe percorre insieme ai ragazzi di Bicocca. \u201c<em>Il nostro piano progettuale \u00e8 pensato, in accordo con la direzione dell\u2019IPM, per accogliere le esigenze dei ragazzi e soprattutto per indirizzarli nell\u2019ottica di una piena ripresa della loro esistenza da tutti i punti di vista\u201d. <\/em>A questo proposito, spiega <strong>Pisasale<\/strong>, <em>\u201caccanto alle borse di studio e ai corsi di formazione, ci sono i laboratori che offrono competenze immediatamente spendibili nel mercato del lavoro, come quello di cucina, e altri ideati per offrire una maggiore consapevolezza rispetto alle proprie scelte: dal fotogiornalismo alla lettura, senza tralasciare anche le strade formative che questi percorsi culturali innescano e che possono condurre a opportunit\u00e0 lavorative<\/em>\u201d.<\/p>\n<p>L&#8217;effigie che compare sulle borse \u00e8 una libera interpretazione di Sant&#8217;Agata realizzata dagli stessi ragazzi dell\u2019istituto e il progetto si \u00e8 intrecciato quest&#8217;anno con un&#8217;altra ricorrenza cittadina: il IX centenario della traslazione delle reliquie della santa da Costantinopoli a Catania, le cui celebrazioni si sono chiuse lo scorso 18 agosto. La Settimana Liturgica Nazionale, che si tiene ogni anno in una diocesi diversa d&#8217;Italia e che quest&#8217;edizione ha scelto come tema &#8220;Una Chiesa che genera. Liturgia e Iniziazione cristiana&#8221;, \u00e8 promossa dal Centro di Azione Liturgica e rappresenta il principale momento di confronto nazionale su liturgia e vita delle comunit\u00e0 cristiane.<\/p>\n<p>Ufficio Comunicazioni Sociali Arcidiocesi Catania<br \/>\n<a href=\"mailto:comunicazione@arcidiocesicatania.com\">comunicazione@arcidiocesicatania.com<\/a> | M. 3882523612<\/p>\n<p>Caritas diocesana di Catania<br \/>\n<a href=\"mailto:caritas.comunicazione@arcidiocesicatania.com\">caritas.comunicazione@arcidiocesicatania.com<\/a> | M. 3477286619<\/p>\n","protected":false},"excerpt":{"rendered":"<p>Realizzate nell&#8217;ambito del progetto Jobel di Caritas Italiana, finanziato da Intesa Sanpaolo, sono state cucite all\u2019IPM Bicocca di Catania e consegnate ai partecipanti della 76\u00aa Settimana Liturgica Nazionale Nel kit congressuale consegnato ai circa 300 delegati provenienti da tutta Italia per la 76\u00aa Settimana Liturgica Nazionale, che si terr\u00e0 a Catania fino a gioved\u00ec, c&#8217;\u00e8 [&hellip;]<\/p>\n","protected":false},"author":0,"featured_media":353,"comment_status":"closed","ping_status":"closed","sticky":false,"template":"","format":"standard","meta":{"_acf_changed":false,"footnotes":""},"categories":[2],"tags":[],"class_list":["post-352","post","type-post","status-publish","format-standard","has-post-thumbnail","hentry","category-news"],"acf":{"seed-localization-paese-cod":"","seed-localization-address":"","seed-localization-citta":"","seed-localization-regione-cod-istat":"","seed-localization-citta-cod-istat":"","seed-localization-localita":"","seed-localization-cap":"","seed-localization-geo":{"lat":41.9053433,"lng":12.5099945,"zoom":10,"markers":[],"address":"","layers":["OpenStreetMap.Mapnik"],"version":"1.5.6"},"seed-localization-marker-visibility":false,"seed-localization-children-visibility":false,"seed-localization-kml":"","seed-localization-custom-marker":""},"_links":{"self":[{"href":"https:\/\/diocesi.catania.it\/settimanaliturgicanazionale\/wp-json\/wp\/v2\/posts\/352","targetHints":{"allow":["GET"]}}],"collection":[{"href":"https:\/\/diocesi.catania.it\/settimanaliturgicanazionale\/wp-json\/wp\/v2\/posts"}],"about":[{"href":"https:\/\/diocesi.catania.it\/settimanaliturgicanazionale\/wp-json\/wp\/v2\/types\/post"}],"author":[{"embeddable":true,"href":"https:\/\/diocesi.catania.it\/settimanaliturgicanazionale\/wp-json\/wp\/v2\/users\/6"}],"replies":[{"embeddable":true,"href":"https:\/\/diocesi.catania.it\/settimanaliturgicanazionale\/wp-json\/wp\/v2\/comments?post=352"}],"version-history":[{"count":1,"href":"https:\/\/diocesi.catania.it\/settimanaliturgicanazionale\/wp-json\/wp\/v2\/posts\/352\/revisions"}],"predecessor-version":[{"id":354,"href":"https:\/\/diocesi.catania.it\/settimanaliturgicanazionale\/wp-json\/wp\/v2\/posts\/352\/revisions\/354"}],"wp:featuredmedia":[{"embeddable":true,"href":"https:\/\/diocesi.catania.it\/settimanaliturgicanazionale\/wp-json\/wp\/v2\/media\/353"}],"wp:attachment":[{"href":"https:\/\/diocesi.catania.it\/settimanaliturgicanazionale\/wp-json\/wp\/v2\/media?parent=352"}],"wp:term":[{"taxonomy":"category","embeddable":true,"href":"https:\/\/diocesi.catania.it\/settimanaliturgicanazionale\/wp-json\/wp\/v2\/categories?post=352"},{"taxonomy":"post_tag","embeddable":true,"href":"https:\/\/diocesi.catania.it\/settimanaliturgicanazionale\/wp-json\/wp\/v2\/tags?post=352"}],"curies":[{"name":"wp","href":"https:\/\/api.w.org\/{rel}","templated":true}]}}