{"id":326,"date":"2026-08-24T14:45:56","date_gmt":"2026-08-24T12:45:56","guid":{"rendered":"https:\/\/diocesi.catania.it\/settimanaliturgicanazionale\/?p=326"},"modified":"2026-08-24T14:45:56","modified_gmt":"2026-08-24T12:45:56","slug":"catania-ospita-la-76a-settimana-liturgica-nazionale","status":"publish","type":"post","link":"https:\/\/diocesi.catania.it\/settimanaliturgicanazionale\/2026\/08\/24\/catania-ospita-la-76a-settimana-liturgica-nazionale\/","title":{"rendered":"Catania ospita la 76\u00aa Settimana Liturgica Nazionale"},"content":{"rendered":"<p><strong>Catania ospita la 76\u00aa Settimana Liturgica Nazionale<br \/>\n<\/strong><em>Dal 24 al 27 agosto la Chiesa nazionale s\u2019interroga e confronta su liturgia e iniziazione cristiana. Presenti anche il segretario generale della CEI, mons. Giuseppe Baturi, e il segretario del Dicastero per il Culto Divino, mons. Vittorio Francesco Viola <\/em><\/p>\n<p><strong>Dal 24 al 27 agosto Catania ospita la 76\u00aa Settimana Liturgica Nazionale<\/strong>, l&#8217;appuntamento promosso dal <strong>Centro di Azione Liturgica (CAL)<\/strong> che ogni anno riunisce sacerdoti, diaconi, religiosi, religiose e laici impegnati nella pastorale da tutta Italia. Il tema scelto per l&#8217;edizione 2026 \u00e8 \u201cUna Chiesa che genera. Liturgia e Iniziazione cristiana\u201d.<\/p>\n<p>L&#8217;iniziativa, ospitata dall&#8217;<strong>Arcidiocesi di Catania<\/strong>, si inserisce nel percorso di riflessione avviato dal cammino sinodale delle Chiese in Italia sul rinnovamento dei percorsi di iniziazione cristiana. Il programma, rivolto ai convegnisti, si svolge principalmente al<strong> Seminario Interdiocesano <\/strong><strong>\u201c<\/strong><strong>Regina Apostolorum\u201d<\/strong> e prevede celebrazioni liturgiche, relazioni e momenti di confronto tra le diocesi partecipanti, con la presenza di figure di vertice della Chiesa italiana: <strong>il segretario generale della CEI, mons. Giuseppe Baturi, e il segretario del Dicastero per il Culto Divino e la Disciplina dei Sacramenti, mons. Vittorio Francesco Viola<\/strong>.<\/p>\n<p>I lavori si aprono luned\u00ec 24 agosto alle 17.00 con la preghiera d&#8217;inizio nella Cattedrale di Sant&#8217;Agata, presieduta da <strong>mons. Claudio Maniago, presidente del CAL e della Commissione Episcopale CEI per la Liturgia<\/strong>, seguita alle 18.00 dai saluti istituzionali e dalla prolusione del prof. Andrea Lonardo (ISSR Ecclesia Mater di Roma), dal titolo \u201cLiturgia e Iniziazione cristiana in Italia: tra attese e prospettive\u201d. Marted\u00ec 25 agosto la giornata si apre alle 8.30 con la celebrazione eucaristica presieduta da mons. Baturi, cui seguono le relazioni di Francesco Cosentino e Pierangelo Muroni e, nel pomeriggio, i lavori di gruppo nelle chiese del centro storico dedicati a famiglia, catechesi, carit\u00e0 e giovani. Mercoled\u00ec 26 agosto \u00e8 in programma anche la visita al &#8220;Trittico agatino&#8221;: un momento che lega la Settimana Liturgica alle celebrazioni per il IX centenario della traslazione delle reliquie di Sant&#8217;Agata da Costantinopoli a Catania, conclusesi il 18 agosto. Chiusura gioved\u00ec 27 agosto con la relazione \u201cProposte per una Chiesa generativa\u201d del prof. Giuliano Zanchi (Universit\u00e0 Cattolica di Milano) e le conclusioni di Mons. Maniago.<\/p>\n<p>Ad animare i lavori, alcuni temi che attraversano l&#8217;intera Settimana e che risultano particolarmente urgenti nel dibattito contemporaneo: il rilancio del Rito dell&#8217;Iniziazione Cristiana degli Adulti come paradigma valido anche per i percorsi dei pi\u00f9 giovani, il rapporto tra liturgia e catechesi nel quadro del cammino sinodale delle Chiese in Italia, il ruolo della famiglia come prima comunit\u00e0 che accompagna la crescita nella fede, e il passaggio, pi\u00f9 volte richiamato dagli organizzatori, da una pastorale di conservazione a una pastorale capace di generare vita nuova nelle comunit\u00e0. Non mancher\u00e0 una riflessione sul valore dei segni e dei simboli liturgici &#8211; l&#8217;acqua, l&#8217;olio, la luce, il pane e il vino &#8211; come linguaggio attraverso cui la Chiesa trasmette la fede.<\/p>\n<p><strong>Mons. Maniago<\/strong> spiega che il tema scelto vuole \u201c<em>dare il suo contributo a costruire un nuovo modello d\u2019Iniziazione, pi\u00f9 conforme al tempo storico ed ecclesiale che stiamo vivendo<\/em>\u201d, e che la Settimana si propone di offrire un contributo di riflessione proprio mentre la Chiesa italiana, sulla spinta del cammino sinodale, ripensa il percorso di iniziazione cristiana.<\/p>\n<p><strong>L&#8217;arcivescovo di Catania, mons. Luigi Renna,<\/strong> definisce l&#8217;ospitalit\u00e0 della Settimana \u201cun dono che riceviamo\u201d, sottolineando il rilievo di un appuntamento che permetter\u00e0 di approfondire la necessit\u00e0 di un rinnovamento dell&#8217;iniziazione cristiana capace di tenere insieme catechesi catecumenale e vita concreta delle comunit\u00e0. Renna annuncia inoltre che la Chiesa di Catania, a conclusione del Giubileo per il IX centenario del rientro delle reliquie di sant\u2019Agata da Costantinopoli, accoglier\u00e0 i partecipanti con \u201cla bellezza di essere popolo di Dio in cammino\u201d. Per <strong>il segretario del CAL, don Mauro Dibenedetto<\/strong>, la partecipazione alla liturgia \u00e8 \u201cil fondamento per una fede adulta\u201d, capace di incidere sulle relazioni e sul tessuto sociale attraverso l&#8217;impegno cristiano.<\/p>\n<p>Ufficio Comunicazioni Sociali Arcidiocesi Catania<br \/>\n<a href=\"mailto:ufficio.comunicazioni@arcidiocesicatania.com\">ufficio.comunicazioni@arcidiocesicatania.com<\/a><br \/>\nM. 3477286619<\/p>\n","protected":false},"excerpt":{"rendered":"<p>Catania ospita la 76\u00aa Settimana Liturgica Nazionale Dal 24 al 27 agosto la Chiesa nazionale s\u2019interroga e confronta su liturgia e iniziazione cristiana. Presenti anche il segretario generale della CEI, mons. Giuseppe Baturi, e il segretario del Dicastero per il Culto Divino, mons. Vittorio Francesco Viola Dal 24 al 27 agosto Catania ospita la 76\u00aa [&hellip;]<\/p>\n","protected":false},"author":0,"featured_media":69,"comment_status":"closed","ping_status":"closed","sticky":false,"template":"","format":"standard","meta":{"_acf_changed":false,"footnotes":""},"categories":[2],"tags":[],"class_list":["post-326","post","type-post","status-publish","format-standard","has-post-thumbnail","hentry","category-news"],"acf":{"seed-localization-paese-cod":"","seed-localization-address":"","seed-localization-citta":"","seed-localization-regione-cod-istat":"","seed-localization-citta-cod-istat":"","seed-localization-localita":"","seed-localization-cap":"","seed-localization-geo":{"lat":41.9053433,"lng":12.5093079,"zoom":10,"markers":[],"address":"","layers":["OpenStreetMap.Mapnik"],"version":"1.5.6"},"seed-localization-marker-visibility":false,"seed-localization-children-visibility":false,"seed-localization-kml":"","seed-localization-custom-marker":""},"_links":{"self":[{"href":"https:\/\/diocesi.catania.it\/settimanaliturgicanazionale\/wp-json\/wp\/v2\/posts\/326","targetHints":{"allow":["GET"]}}],"collection":[{"href":"https:\/\/diocesi.catania.it\/settimanaliturgicanazionale\/wp-json\/wp\/v2\/posts"}],"about":[{"href":"https:\/\/diocesi.catania.it\/settimanaliturgicanazionale\/wp-json\/wp\/v2\/types\/post"}],"author":[{"embeddable":true,"href":"https:\/\/diocesi.catania.it\/settimanaliturgicanazionale\/wp-json\/wp\/v2\/users\/6"}],"replies":[{"embeddable":true,"href":"https:\/\/diocesi.catania.it\/settimanaliturgicanazionale\/wp-json\/wp\/v2\/comments?post=326"}],"version-history":[{"count":1,"href":"https:\/\/diocesi.catania.it\/settimanaliturgicanazionale\/wp-json\/wp\/v2\/posts\/326\/revisions"}],"predecessor-version":[{"id":327,"href":"https:\/\/diocesi.catania.it\/settimanaliturgicanazionale\/wp-json\/wp\/v2\/posts\/326\/revisions\/327"}],"wp:featuredmedia":[{"embeddable":true,"href":"https:\/\/diocesi.catania.it\/settimanaliturgicanazionale\/wp-json\/wp\/v2\/media\/69"}],"wp:attachment":[{"href":"https:\/\/diocesi.catania.it\/settimanaliturgicanazionale\/wp-json\/wp\/v2\/media?parent=326"}],"wp:term":[{"taxonomy":"category","embeddable":true,"href":"https:\/\/diocesi.catania.it\/settimanaliturgicanazionale\/wp-json\/wp\/v2\/categories?post=326"},{"taxonomy":"post_tag","embeddable":true,"href":"https:\/\/diocesi.catania.it\/settimanaliturgicanazionale\/wp-json\/wp\/v2\/tags?post=326"}],"curies":[{"name":"wp","href":"https:\/\/api.w.org\/{rel}","templated":true}]}}